{"id":273,"date":"2025-02-17T22:34:35","date_gmt":"2025-02-17T22:34:35","guid":{"rendered":"https:\/\/td.hyborders.com\/?p=273"},"modified":"2025-02-17T22:36:36","modified_gmt":"2025-02-17T22:36:36","slug":"crna-prst","status":"publish","type":"post","link":"https:\/\/tdbohinj.si\/en\/inspiration\/crna-prst\/","title":{"rendered":"\u010crna prst"},"content":{"rendered":"<p>On the northern slope of the \u010crna prst mountain, we see black soil of which the mountain got its name. \u010crna prst is known for its flora, which is rich in its southern and northern slopes. The peak is located in Lower Bohinj mountains above Bohinjska Bistrica. Only a few meters below the summit is the mountain hut, which is open in the summer season. At a time when the home closed to us, the emergency accommodation offers a modest bivouac.<\/p>\n<p><em>Photography: Jo\u0161t Gantar<\/em><\/p>\n<p><em>(source: hribi.net)<\/em><\/p>\n<h3><a class=\"opener\">Location:<\/a><\/h3>\n<div class=\"accordion-slide\">Kobla \u017dtg, \u017di\u010dnice, turizem, gostinstvo, d.o.o., Bohinjska Bistrica, Cesta na Ravne, Bohinjska Bistrica, Slovenija<\/div>\n<div>\n<h3><a class=\"opener\">Difficulty grade:<\/a><\/h3>\n<div class=\"accordion-slide\">\n<p>Medium difficult marked path.<\/p>\n<p>Walking time: 3 h 40 min.<\/p>\n<\/div>\n<div class=\"accordion-slide\">\n<div class=\"accordion-slide\">\n<h3><a class=\"opener\">Additional information:<\/a><\/h3>\n<div class=\"accordion-slide\">\n<p>When arriving to Bohinjska Bistrica, continue from the roundabout in the direction of Sori\u0161ka planina and Tolmin, then arrive at the Jelov\u0161ka cesta, to the house number 10. We park somewhere nearby, best at the beginning of the former Kobla ski resort.<\/p>\n<p>From Jelov\u0161ka cesta 10 we continue to the southwest, where after a few meters we notice the mountain markings for the \u010crna prst. From the houses the path passes on a route, after which in a few minutes climbs to the WWII cemetery from the First World War. The marked path leads to the cemetery on the right side, then leads us through a spacious lawn, where a few minutes later we connect to a slightly wider route. Continue slightly to the left, then cross the macadam road 10 meters away, where the carriage begins to climb. Higher, at the split of the pavement, we select the right route with the old markings for the \u010crna prst, and from it we go slightly higher once again slightly to the right on the footpath, which begins to get steep. We hike all the time with quite a few signs, then on a small sown lawn we reach the route, which we follow to the left, and after it in a few steps we reach a wider macadam road.<br \/>\nWhen we reach the road, continue down the left side of the \u010crna prst mark (right old path to the Oro\u017enova ko\u010da) and a few 10 steps lower on the marked crossroads, turn right in the direction of \u010crna prst and the Oro\u017eneva ko\u010da. The way forward on the right side passes the private house, and then a little further joins the route, after which we continue the ascent. A little higher, at the crossroads we continue to the right, then the path continues through the forest. A little further, the path leads us past the chalet and the cross, and then we arrive at a marked crossroads, where we continue right in the direction of Oro\u017enova ko\u010da (left \u010crna prst).<br \/>\nThe way forward crosses the slopes slightly to the right, but in the meantime it also drops more visibly. When the descent is over, the old route connects to the right, which is somewhat shorter but officially no longer marked. Followed by walking along the forest path, where we cross some carriages, and on the marked crossroad we continue on the right track. A few minutes later we reach the forest road, which we only cut (the right Oro\u017enova ko\u010da).<br \/>\nA relatively steep climb follows through the forest, and the higher is a slightly longer path along the slope.<br \/>\nWe continue to the left and in a few minutes we reach the Oro\u017eneva ko\u010da na planini za Liscem.<br \/>\nFrom the hut we continue in the direction of \u010crna prst, along the path that goes into the woods and which initially takes place along the botanical path. After the initial ascent, the path is quickly laid, then it climbs to the right and occasionally slides slightly. A higher botanical path turns right, and we continue along the marked path, which gradually becomes steeper, and even then it passes from the forest. The climb follows the slopes of the \u010crna prst, where the path becomes more rocky and for a short time it is quite steep. The path turns left, where it climbs across a rather steep slope, then the path and the slope are laid down, and a little further we arrive at the marked crossroads, where the path from the mountain for \u010crna prst and the path with Sori\u0161ka planina meet.<br \/>\nWe continue to the right and ascend in a few steps to the saddle \u010cez Suho, from where we see a beautiful view to the south.<br \/>\nHere we continue right in the direction of \u010crna prst and climb up and down the viewing ridge. The path is quickly laid and passes to the sunny slopes, where we can easily climb up steep grassy slopes. A little further on the path turns slightly to the right and climbs up to Dom Zorka Jelin\u010di\u010da na \u010crni prsti.<br \/>\nThe house is on the left side and in a minute we steeply rise to the top of the \u010crna prst.<br \/>\nBohinjska Bistrica \u2013 Oro\u017enova ko\u010da 2:20, Oro\u017enova ko\u010da \u2013 \u010cez Suhp 1:05, \u010cez Suho \u2013 \u010crna prst 15 minutes.<\/p>\n<p><em>(source: hribi.net)<\/em><\/p>\n<\/div>\n<\/div>\n<\/div>\n<\/div>\n","protected":false},"excerpt":{"rendered":"<p>On the northern slope of the \u010crna prst mountain, we see black soil of which the mountain got its name. \u010crna prst is known for its flora, which is rich in its southern and northern slopes. The peak is located in Lower Bohinj mountains above Bohinjska Bistrica. Only a few meters below the summit is [&hellip;]<\/p>\n","protected":false},"author":4,"featured_media":274,"comment_status":"open","ping_status":"open","sticky":false,"template":"","format":"standard","meta":{"_acf_changed":false,"inline_featured_image":false,"footnotes":""},"categories":[2],"tags":[],"class_list":["post-273","post","type-post","status-publish","format-standard","has-post-thumbnail","hentry","category-inspiration"],"acf":[],"yoast_head":"<!-- This site is optimized with the Yoast SEO plugin v25.2 - https:\/\/yoast.com\/wordpress\/plugins\/seo\/ -->\n<title>\u010crna prst - Turisti\u010dno dru\u0161tvo Bohinj<\/title>\n<meta name=\"robots\" content=\"index, follow, max-snippet:-1, max-image-preview:large, max-video-preview:-1\" \/>\n<link rel=\"canonical\" href=\"https:\/\/tdbohinj.si\/en\/inspiration\/crna-prst\/\" \/>\n<meta property=\"og:locale\" content=\"en_US\" \/>\n<meta property=\"og:type\" content=\"article\" \/>\n<meta property=\"og:title\" content=\"\u010crna prst - Turisti\u010dno dru\u0161tvo Bohinj\" \/>\n<meta property=\"og:description\" content=\"On the northern slope of the \u010crna prst mountain, we see black soil of which the mountain got its name. \u010crna prst is known for its flora, which is rich in its southern and northern slopes. The peak is located in Lower Bohinj mountains above Bohinjska Bistrica. Only a few meters below the summit is [&hellip;]\" \/>\n<meta property=\"og:url\" content=\"https:\/\/tdbohinj.si\/en\/inspiration\/crna-prst\/\" \/>\n<meta property=\"og:site_name\" content=\"Turisti\u010dno dru\u0161tvo Bohinj\" \/>\n<meta property=\"article:publisher\" content=\"https:\/\/www.facebook.com\/InfoCenterBohinj\/\" \/>\n<meta property=\"article:published_time\" content=\"2025-02-17T22:34:35+00:00\" \/>\n<meta property=\"article:modified_time\" content=\"2025-02-17T22:36:36+00:00\" \/>\n<meta property=\"og:image\" content=\"https:\/\/tdbohinj.si\/wp-content\/uploads\/2025\/02\/F008664-crna_prst_pohodnistvo_jost_gantar_6_orig_jpg-photo-l-1920x675-1.jpg\" \/>\n\t<meta property=\"og:image:width\" content=\"1920\" \/>\n\t<meta property=\"og:image:height\" content=\"675\" \/>\n\t<meta property=\"og:image:type\" content=\"image\/jpeg\" \/>\n<meta name=\"author\" content=\"adminc\" \/>\n<meta name=\"twitter:card\" content=\"summary_large_image\" \/>\n<meta name=\"twitter:label1\" content=\"Written by\" \/>\n\t<meta name=\"twitter:data1\" content=\"adminc\" \/>\n\t<meta name=\"twitter:label2\" content=\"Est. reading time\" \/>\n\t<meta name=\"twitter:data2\" content=\"4 minutes\" \/>\n<script type=\"application\/ld+json\" class=\"yoast-schema-graph\">{\"@context\":\"https:\/\/schema.org\",\"@graph\":[{\"@type\":\"Article\",\"@id\":\"https:\/\/tdbohinj.si\/en\/inspiration\/crna-prst\/#article\",\"isPartOf\":{\"@id\":\"https:\/\/tdbohinj.si\/en\/inspiration\/crna-prst\/\"},\"author\":{\"name\":\"adminc\",\"@id\":\"https:\/\/tdbohinj.si\/en\/#\/schema\/person\/5f2fe6f8077bdf64c6611e96e7ac40f7\"},\"headline\":\"\u010crna prst\",\"datePublished\":\"2025-02-17T22:34:35+00:00\",\"dateModified\":\"2025-02-17T22:36:36+00:00\",\"mainEntityOfPage\":{\"@id\":\"https:\/\/tdbohinj.si\/en\/inspiration\/crna-prst\/\"},\"wordCount\":859,\"commentCount\":0,\"publisher\":{\"@id\":\"https:\/\/tdbohinj.si\/en\/#organization\"},\"image\":{\"@id\":\"https:\/\/tdbohinj.si\/en\/inspiration\/crna-prst\/#primaryimage\"},\"thumbnailUrl\":\"https:\/\/tdbohinj.si\/wp-content\/uploads\/2025\/02\/F008664-crna_prst_pohodnistvo_jost_gantar_6_orig_jpg-photo-l-1920x675-1.jpg\",\"articleSection\":[\"Inspiration\"],\"inLanguage\":\"en-US\",\"potentialAction\":[{\"@type\":\"CommentAction\",\"name\":\"Comment\",\"target\":[\"https:\/\/tdbohinj.si\/en\/inspiration\/crna-prst\/#respond\"]}]},{\"@type\":\"WebPage\",\"@id\":\"https:\/\/tdbohinj.si\/en\/inspiration\/crna-prst\/\",\"url\":\"https:\/\/tdbohinj.si\/en\/inspiration\/crna-prst\/\",\"name\":\"\u010crna prst - Turisti\u010dno dru\u0161tvo Bohinj\",\"isPartOf\":{\"@id\":\"https:\/\/tdbohinj.si\/en\/#website\"},\"primaryImageOfPage\":{\"@id\":\"https:\/\/tdbohinj.si\/en\/inspiration\/crna-prst\/#primaryimage\"},\"image\":{\"@id\":\"https:\/\/tdbohinj.si\/en\/inspiration\/crna-prst\/#primaryimage\"},\"thumbnailUrl\":\"https:\/\/tdbohinj.si\/wp-content\/uploads\/2025\/02\/F008664-crna_prst_pohodnistvo_jost_gantar_6_orig_jpg-photo-l-1920x675-1.jpg\",\"datePublished\":\"2025-02-17T22:34:35+00:00\",\"dateModified\":\"2025-02-17T22:36:36+00:00\",\"breadcrumb\":{\"@id\":\"https:\/\/tdbohinj.si\/en\/inspiration\/crna-prst\/#breadcrumb\"},\"inLanguage\":\"en-US\",\"potentialAction\":[{\"@type\":\"ReadAction\",\"target\":[\"https:\/\/tdbohinj.si\/en\/inspiration\/crna-prst\/\"]}]},{\"@type\":\"ImageObject\",\"inLanguage\":\"en-US\",\"@id\":\"https:\/\/tdbohinj.si\/en\/inspiration\/crna-prst\/#primaryimage\",\"url\":\"https:\/\/tdbohinj.si\/wp-content\/uploads\/2025\/02\/F008664-crna_prst_pohodnistvo_jost_gantar_6_orig_jpg-photo-l-1920x675-1.jpg\",\"contentUrl\":\"https:\/\/tdbohinj.si\/wp-content\/uploads\/2025\/02\/F008664-crna_prst_pohodnistvo_jost_gantar_6_orig_jpg-photo-l-1920x675-1.jpg\",\"width\":1920,\"height\":675},{\"@type\":\"BreadcrumbList\",\"@id\":\"https:\/\/tdbohinj.si\/en\/inspiration\/crna-prst\/#breadcrumb\",\"itemListElement\":[{\"@type\":\"ListItem\",\"position\":1,\"name\":\"Home\",\"item\":\"https:\/\/tdbohinj.si\/en\/homepage\/\"},{\"@type\":\"ListItem\",\"position\":2,\"name\":\"\u010crna prst\"}]},{\"@type\":\"WebSite\",\"@id\":\"https:\/\/tdbohinj.si\/en\/#website\",\"url\":\"https:\/\/tdbohinj.si\/en\/\",\"name\":\"Turisti\u010dno dru\u0161tvo Bohinj\",\"description\":\"Pri nas doma\",\"publisher\":{\"@id\":\"https:\/\/tdbohinj.si\/en\/#organization\"},\"potentialAction\":[{\"@type\":\"SearchAction\",\"target\":{\"@type\":\"EntryPoint\",\"urlTemplate\":\"https:\/\/tdbohinj.si\/en\/?s={search_term_string}\"},\"query-input\":{\"@type\":\"PropertyValueSpecification\",\"valueRequired\":true,\"valueName\":\"search_term_string\"}}],\"inLanguage\":\"en-US\"},{\"@type\":\"Organization\",\"@id\":\"https:\/\/tdbohinj.si\/en\/#organization\",\"name\":\"Turisti\u010dno dru\u0161tvo Bohinj\",\"url\":\"https:\/\/tdbohinj.si\/en\/\",\"logo\":{\"@type\":\"ImageObject\",\"inLanguage\":\"en-US\",\"@id\":\"https:\/\/tdbohinj.si\/en\/#\/schema\/logo\/image\/\",\"url\":\"https:\/\/tdbohinj.si\/wp-content\/uploads\/2025\/02\/Logo_dark.svg\",\"contentUrl\":\"https:\/\/tdbohinj.si\/wp-content\/uploads\/2025\/02\/Logo_dark.svg\",\"width\":174,\"height\":80,\"caption\":\"Turisti\u010dno dru\u0161tvo Bohinj\"},\"image\":{\"@id\":\"https:\/\/tdbohinj.si\/en\/#\/schema\/logo\/image\/\"},\"sameAs\":[\"https:\/\/www.facebook.com\/InfoCenterBohinj\/\",\"https:\/\/www.instagram.com\/info_center_bohinj\/\"]},{\"@type\":\"Person\",\"@id\":\"https:\/\/tdbohinj.si\/en\/#\/schema\/person\/5f2fe6f8077bdf64c6611e96e7ac40f7\",\"name\":\"adminc\",\"image\":{\"@type\":\"ImageObject\",\"inLanguage\":\"en-US\",\"@id\":\"https:\/\/tdbohinj.si\/en\/#\/schema\/person\/image\/\",\"url\":\"https:\/\/secure.gravatar.com\/avatar\/815cbc95d2ff8c1e47a5857a5157281dc6b450c5ed0156e3afa6c0ccb72c06b5?s=96&d=mm&r=g\",\"contentUrl\":\"https:\/\/secure.gravatar.com\/avatar\/815cbc95d2ff8c1e47a5857a5157281dc6b450c5ed0156e3afa6c0ccb72c06b5?s=96&d=mm&r=g\",\"caption\":\"adminc\"}}]}<\/script>\n<!-- \/ Yoast SEO plugin. -->","yoast_head_json":{"title":"\u010crna prst - Turisti\u010dno dru\u0161tvo Bohinj","robots":{"index":"index","follow":"follow","max-snippet":"max-snippet:-1","max-image-preview":"max-image-preview:large","max-video-preview":"max-video-preview:-1"},"canonical":"https:\/\/tdbohinj.si\/en\/inspiration\/crna-prst\/","og_locale":"en_US","og_type":"article","og_title":"\u010crna prst - Turisti\u010dno dru\u0161tvo Bohinj","og_description":"On the northern slope of the \u010crna prst mountain, we see black soil of which the mountain got its name. \u010crna prst is known for its flora, which is rich in its southern and northern slopes. The peak is located in Lower Bohinj mountains above Bohinjska Bistrica. Only a few meters below the summit is [&hellip;]","og_url":"https:\/\/tdbohinj.si\/en\/inspiration\/crna-prst\/","og_site_name":"Turisti\u010dno dru\u0161tvo Bohinj","article_publisher":"https:\/\/www.facebook.com\/InfoCenterBohinj\/","article_published_time":"2025-02-17T22:34:35+00:00","article_modified_time":"2025-02-17T22:36:36+00:00","og_image":[{"width":1920,"height":675,"url":"https:\/\/tdbohinj.si\/wp-content\/uploads\/2025\/02\/F008664-crna_prst_pohodnistvo_jost_gantar_6_orig_jpg-photo-l-1920x675-1.jpg","type":"image\/jpeg"}],"author":"adminc","twitter_card":"summary_large_image","twitter_misc":{"Written by":"adminc","Est. reading time":"4 minutes"},"schema":{"@context":"https:\/\/schema.org","@graph":[{"@type":"Article","@id":"https:\/\/tdbohinj.si\/en\/inspiration\/crna-prst\/#article","isPartOf":{"@id":"https:\/\/tdbohinj.si\/en\/inspiration\/crna-prst\/"},"author":{"name":"adminc","@id":"https:\/\/tdbohinj.si\/en\/#\/schema\/person\/5f2fe6f8077bdf64c6611e96e7ac40f7"},"headline":"\u010crna prst","datePublished":"2025-02-17T22:34:35+00:00","dateModified":"2025-02-17T22:36:36+00:00","mainEntityOfPage":{"@id":"https:\/\/tdbohinj.si\/en\/inspiration\/crna-prst\/"},"wordCount":859,"commentCount":0,"publisher":{"@id":"https:\/\/tdbohinj.si\/en\/#organization"},"image":{"@id":"https:\/\/tdbohinj.si\/en\/inspiration\/crna-prst\/#primaryimage"},"thumbnailUrl":"https:\/\/tdbohinj.si\/wp-content\/uploads\/2025\/02\/F008664-crna_prst_pohodnistvo_jost_gantar_6_orig_jpg-photo-l-1920x675-1.jpg","articleSection":["Inspiration"],"inLanguage":"en-US","potentialAction":[{"@type":"CommentAction","name":"Comment","target":["https:\/\/tdbohinj.si\/en\/inspiration\/crna-prst\/#respond"]}]},{"@type":"WebPage","@id":"https:\/\/tdbohinj.si\/en\/inspiration\/crna-prst\/","url":"https:\/\/tdbohinj.si\/en\/inspiration\/crna-prst\/","name":"\u010crna prst - Turisti\u010dno dru\u0161tvo Bohinj","isPartOf":{"@id":"https:\/\/tdbohinj.si\/en\/#website"},"primaryImageOfPage":{"@id":"https:\/\/tdbohinj.si\/en\/inspiration\/crna-prst\/#primaryimage"},"image":{"@id":"https:\/\/tdbohinj.si\/en\/inspiration\/crna-prst\/#primaryimage"},"thumbnailUrl":"https:\/\/tdbohinj.si\/wp-content\/uploads\/2025\/02\/F008664-crna_prst_pohodnistvo_jost_gantar_6_orig_jpg-photo-l-1920x675-1.jpg","datePublished":"2025-02-17T22:34:35+00:00","dateModified":"2025-02-17T22:36:36+00:00","breadcrumb":{"@id":"https:\/\/tdbohinj.si\/en\/inspiration\/crna-prst\/#breadcrumb"},"inLanguage":"en-US","potentialAction":[{"@type":"ReadAction","target":["https:\/\/tdbohinj.si\/en\/inspiration\/crna-prst\/"]}]},{"@type":"ImageObject","inLanguage":"en-US","@id":"https:\/\/tdbohinj.si\/en\/inspiration\/crna-prst\/#primaryimage","url":"https:\/\/tdbohinj.si\/wp-content\/uploads\/2025\/02\/F008664-crna_prst_pohodnistvo_jost_gantar_6_orig_jpg-photo-l-1920x675-1.jpg","contentUrl":"https:\/\/tdbohinj.si\/wp-content\/uploads\/2025\/02\/F008664-crna_prst_pohodnistvo_jost_gantar_6_orig_jpg-photo-l-1920x675-1.jpg","width":1920,"height":675},{"@type":"BreadcrumbList","@id":"https:\/\/tdbohinj.si\/en\/inspiration\/crna-prst\/#breadcrumb","itemListElement":[{"@type":"ListItem","position":1,"name":"Home","item":"https:\/\/tdbohinj.si\/en\/homepage\/"},{"@type":"ListItem","position":2,"name":"\u010crna prst"}]},{"@type":"WebSite","@id":"https:\/\/tdbohinj.si\/en\/#website","url":"https:\/\/tdbohinj.si\/en\/","name":"Turisti\u010dno dru\u0161tvo Bohinj","description":"Pri nas doma","publisher":{"@id":"https:\/\/tdbohinj.si\/en\/#organization"},"potentialAction":[{"@type":"SearchAction","target":{"@type":"EntryPoint","urlTemplate":"https:\/\/tdbohinj.si\/en\/?s={search_term_string}"},"query-input":{"@type":"PropertyValueSpecification","valueRequired":true,"valueName":"search_term_string"}}],"inLanguage":"en-US"},{"@type":"Organization","@id":"https:\/\/tdbohinj.si\/en\/#organization","name":"Turisti\u010dno dru\u0161tvo Bohinj","url":"https:\/\/tdbohinj.si\/en\/","logo":{"@type":"ImageObject","inLanguage":"en-US","@id":"https:\/\/tdbohinj.si\/en\/#\/schema\/logo\/image\/","url":"https:\/\/tdbohinj.si\/wp-content\/uploads\/2025\/02\/Logo_dark.svg","contentUrl":"https:\/\/tdbohinj.si\/wp-content\/uploads\/2025\/02\/Logo_dark.svg","width":174,"height":80,"caption":"Turisti\u010dno dru\u0161tvo Bohinj"},"image":{"@id":"https:\/\/tdbohinj.si\/en\/#\/schema\/logo\/image\/"},"sameAs":["https:\/\/www.facebook.com\/InfoCenterBohinj\/","https:\/\/www.instagram.com\/info_center_bohinj\/"]},{"@type":"Person","@id":"https:\/\/tdbohinj.si\/en\/#\/schema\/person\/5f2fe6f8077bdf64c6611e96e7ac40f7","name":"adminc","image":{"@type":"ImageObject","inLanguage":"en-US","@id":"https:\/\/tdbohinj.si\/en\/#\/schema\/person\/image\/","url":"https:\/\/secure.gravatar.com\/avatar\/815cbc95d2ff8c1e47a5857a5157281dc6b450c5ed0156e3afa6c0ccb72c06b5?s=96&d=mm&r=g","contentUrl":"https:\/\/secure.gravatar.com\/avatar\/815cbc95d2ff8c1e47a5857a5157281dc6b450c5ed0156e3afa6c0ccb72c06b5?s=96&d=mm&r=g","caption":"adminc"}}]}},"_links":{"self":[{"href":"https:\/\/tdbohinj.si\/en\/wp-json\/wp\/v2\/posts\/273","targetHints":{"allow":["GET"]}}],"collection":[{"href":"https:\/\/tdbohinj.si\/en\/wp-json\/wp\/v2\/posts"}],"about":[{"href":"https:\/\/tdbohinj.si\/en\/wp-json\/wp\/v2\/types\/post"}],"author":[{"embeddable":true,"href":"https:\/\/tdbohinj.si\/en\/wp-json\/wp\/v2\/users\/4"}],"replies":[{"embeddable":true,"href":"https:\/\/tdbohinj.si\/en\/wp-json\/wp\/v2\/comments?post=273"}],"version-history":[{"count":0,"href":"https:\/\/tdbohinj.si\/en\/wp-json\/wp\/v2\/posts\/273\/revisions"}],"wp:featuredmedia":[{"embeddable":true,"href":"https:\/\/tdbohinj.si\/en\/wp-json\/wp\/v2\/media\/274"}],"wp:attachment":[{"href":"https:\/\/tdbohinj.si\/en\/wp-json\/wp\/v2\/media?parent=273"}],"wp:term":[{"taxonomy":"category","embeddable":true,"href":"https:\/\/tdbohinj.si\/en\/wp-json\/wp\/v2\/categories?post=273"},{"taxonomy":"post_tag","embeddable":true,"href":"https:\/\/tdbohinj.si\/en\/wp-json\/wp\/v2\/tags?post=273"}],"curies":[{"name":"wp","href":"https:\/\/api.w.org\/{rel}","templated":true}]}}